{"id":15348,"date":"2026-04-28T06:46:42","date_gmt":"2026-04-28T06:46:42","guid":{"rendered":"https:\/\/www.viasky.it\/?p=15348"},"modified":"2026-04-28T06:46:42","modified_gmt":"2026-04-28T06:46:42","slug":"giornata-nazionale-per-la-salute-e-sicurezza-sul-lavoro","status":"publish","type":"post","link":"https:\/\/www.viasky.it\/en\/giornata-nazionale-per-la-salute-e-sicurezza-sul-lavoro\/","title":{"rendered":"Giornata nazionale per la salute e sicurezza sul lavoro"},"content":{"rendered":"<div data-elementor-type=\"wp-post\" data-elementor-id=\"15348\" class=\"elementor elementor-15348\" data-elementor-post-type=\"post\">\n\t\t\t\t\t\t<section class=\"elementor-section elementor-top-section elementor-element elementor-element-4e518554 elementor-section-boxed elementor-section-height-default elementor-section-height-default\" data-id=\"4e518554\" data-element_type=\"section\">\n\t\t\t\t\t\t<div class=\"elementor-container elementor-column-gap-default\">\n\t\t\t\t\t<div class=\"elementor-column elementor-col-100 elementor-top-column elementor-element elementor-element-44394ad1\" data-id=\"44394ad1\" data-element_type=\"column\">\n\t\t\t<div class=\"elementor-widget-wrap elementor-element-populated\">\n\t\t\t\t\t\t<div class=\"elementor-element elementor-element-f0e7c24 elementor-widget elementor-widget-text-editor\" data-id=\"f0e7c24\" data-element_type=\"widget\" data-widget_type=\"text-editor.default\">\n\t\t\t\t<div class=\"elementor-widget-container\">\n\t\t\t\t\t\t\t\t\t<p>La <strong>Giornata nazionale per la salute e sicurezza sul lavoro<\/strong> non \u00e8 soltanto una ricorrenza simbolica, ma un momento necessario di consapevolezza collettiva. \u00c8 un\u2019occasione per fermarsi e riflettere su un tema che troppo spesso resta confinato tra normative, obblighi burocratici e statistiche fredde. Eppure, dietro ogni numero, ci sono persone, storie, famiglie che cambiano per sempre.<\/p><p>In Italia, parlare di sicurezza sul lavoro significa confrontarsi con <strong>una realt\u00e0 ancora complessa<\/strong>. Nonostante i progressi normativi e tecnologici degli ultimi decenni, gli infortuni continuano a rappresentare una criticit\u00e0 significativa, soprattutto in alcuni settori ad alto rischio. \u00c8 un dato che interroga istituzioni, imprese e lavoratori, chiamando tutti a una responsabilit\u00e0 condivisa.<\/p><p>Questa giornata, quindi, non dovrebbe essere solo commemorativa, ma anche propositiva. Un punto di partenza per rinnovare l\u2019impegno verso ambienti di lavoro pi\u00f9 sicuri, per valorizzare la prevenzione e per promuovere una cultura che metta davvero al centro la persona, prima ancora della produttivit\u00e0.<\/p><h3><strong>Il valore della sicurezza come diritto fondamentale<\/strong><\/h3><p><strong>La sicurezza sul lavoro<\/strong> non \u00e8 un\u2019opzione, n\u00e9 un costo accessorio da contenere. \u00c8 <strong>un diritto fondamentale di ogni lavoratore, sancito dalla Costituzione<\/strong> e regolato da un articolato sistema di leggi. Tuttavia, la distanza tra il principio e la sua applicazione concreta \u00e8 ancora evidente.<\/p><p>In molti contesti produttivi, soprattutto nei settori come edilizia, agricoltura e industria manifatturiera, persistono condizioni di rischio che non dovrebbero pi\u00f9 esistere. Le cause sono spesso molteplici: dalla scarsa manutenzione delle attrezzature alla pressione sui tempi di lavoro, fino alla sottovalutazione dei pericoli quotidiani. In questo scenario, la sicurezza rischia di diventare un adempimento formale anzich\u00e9 una pratica reale e vissuta.<\/p><h3><strong>Gli infortuni in Italia: una ferita ancora aperta<\/strong><\/h3><p>I dati sugli infortuni sul lavoro in Italia raccontano una storia che non pu\u00f2 lasciare indifferenti. Nonostante una maggiore attenzione mediatica e istituzionale, il numero degli incidenti resta elevato, con picchi preoccupanti in specifici comparti.<\/p><p>Ogni incidente rappresenta un fallimento del sistema di prevenzione. Non si tratta solo di fatalit\u00e0, ma spesso di eventi evitabili, frutto di carenze organizzative, formazione insufficiente o controlli inadeguati. Il problema non \u00e8 solo quantitativo, ma anche culturale: finch\u00e9 la sicurezza sar\u00e0 percepita come un obbligo imposto e non come un valore condiviso, sar\u00e0 difficile ottenere un cambiamento strutturale.<\/p><h3><strong>Il ruolo delle nuove tecnologie nella prevenzione<\/strong><\/h3><p><strong>Le nuove tecnologie stanno aprendo scenari interessanti per migliorare la sicurezza sul lavoro<\/strong>. Sensori intelligenti, dispositivi indossabili, sistemi di monitoraggio in tempo reale e intelligenza artificiale possono contribuire a ridurre i rischi e a prevenire incidenti prima che accadano.<\/p><p>In molti ambienti industriali, ad esempio, \u00e8 gi\u00e0 possibile rilevare anomalie nei macchinari o condizioni ambientali pericolose, intervenendo tempestivamente. Anche la realt\u00e0 aumentata e la simulazione stanno rivoluzionando i processi di formazione, permettendo ai lavoratori di apprendere in modo pi\u00f9 efficace e sicuro.<\/p><p>Tuttavia, la tecnologia da sola non basta. Deve essere integrata in una visione pi\u00f9 ampia, che comprenda <strong>organizzazione, cultura aziendale e responsabilit\u00e0 individuale<\/strong>. Senza questo equilibrio, anche gli strumenti pi\u00f9 avanzati rischiano di restare sottoutilizzati.<\/p><h3><strong>La formazione come pilastro della sicurezza<\/strong><\/h3><p>Uno degli elementi pi\u00f9 determinanti per garantire la sicurezza sul lavoro \u00e8 la <strong>formazione<\/strong>. Non si tratta solo di trasferire nozioni, ma di <strong>costruire consapevolezza<\/strong>. Un lavoratore formato \u00e8 un lavoratore pi\u00f9 attento, pi\u00f9 autonomo e pi\u00f9 capace di riconoscere i rischi.<\/p><p>La formazione efficace non \u00e8 episodica, ma continua. Deve evolversi insieme ai processi produttivi e alle tecnologie, adattandosi ai cambiamenti del mondo del lavoro. Inoltre, deve essere concreta, calata nella realt\u00e0 quotidiana, capace di coinvolgere e responsabilizzare.<\/p><p><strong>Investire nella formazione significa investire nella prevenzione<\/strong>. \u00c8 una scelta strategica che produce benefici non solo in termini di sicurezza, ma anche di efficienza e qualit\u00e0 del lavoro.<\/p><h3><strong>La responsabilit\u00e0 delle aziende<\/strong><\/h3><p>Le aziende hanno un ruolo centrale nella tutela della salute e sicurezza dei lavoratori. Non si tratta solo di rispettare la normativa, ma di <strong>assumere un impegno etico<\/strong>. Creare un ambiente di lavoro sicuro significa prendersi cura delle persone, riconoscendo il loro valore.<\/p><p>Questo implica <strong>adottare misure adeguate, investire in tecnologie, garantire formazione continua e promuovere una cultura della sicurezza a tutti i livelli dell\u2019organizzazione<\/strong>. Significa anche <strong>ascoltare i lavoratori, coinvolgerli attivamente e valorizzare il loro contributo.<\/strong><\/p><p>La sicurezza non pu\u00f2 essere delegata n\u00e9 ridotta a una funzione aziendale isolata. Deve diventare parte integrante dell\u2019identit\u00e0 dell\u2019impresa, un elemento distintivo che contribuisce alla sua sostenibilit\u00e0 nel tempo.<\/p><h3><strong>Verso una cultura condivisa della prevenzione<\/strong><\/h3><p>La Giornata nazionale per la salute e sicurezza sul lavoro dovrebbe rappresentare un momento di svolta culturale. Perch\u00e9 <strong>il vero cambiamento non passa solo dalle leggi o dalle tecnologie, ma dalla mentalit\u00e0.<\/strong><\/p><p>Serve un approccio nuovo, in cui la sicurezza non sia vista come un limite, ma come una condizione indispensabile per lavorare meglio. Un approccio in cui tutti, dalle istituzioni alle aziende, fino ai singoli lavoratori, si sentano parte di un sistema che protegge e valorizza la vita.<\/p><p>Solo cos\u00ec sar\u00e0 possibile ridurre davvero gli infortuni e costruire un futuro del lavoro pi\u00f9 sicuro, pi\u00f9 umano e pi\u00f9 responsabile.<\/p><p>\u00a0<\/p><p class=\"p1\"><em>Questo contenuto \u00e8 stato realizzato nel rispetto dei principi di trasparenza e tracciabilit\u00e0 previsti dal Regolamento Europeo AI Act (2025). Tipo di contenuto: AI-assisted<\/em><\/p>\t\t\t\t\t\t\t\t<\/div>\n\t\t\t\t<\/div>\n\t\t\t\t\t<\/div>\n\t\t<\/div>\n\t\t\t\t\t<\/div>\n\t\t<\/section>\n\t\t<div class=\"elementor-element elementor-element-8e1ce77 e-flex e-con-boxed e-con e-parent\" data-id=\"8e1ce77\" data-element_type=\"container\">\n\t\t\t\t\t<div class=\"e-con-inner\">\n\t\t\t\t\t<\/div>\n\t\t\t\t<\/div>\n\t\t<div class=\"elementor-element elementor-element-922dca6 e-flex e-con-boxed e-con e-parent\" data-id=\"922dca6\" data-element_type=\"container\">\n\t\t\t\t\t<div class=\"e-con-inner\">\n\t\t\t\t\t<\/div>\n\t\t\t\t<\/div>\n\t\t\t\t<\/div>","protected":false},"excerpt":{"rendered":"<p>Un momento di riflessioni su numeri, formazione e buone pratiche.<\/p>","protected":false},"author":9,"featured_media":15349,"comment_status":"open","ping_status":"open","sticky":false,"template":"","format":"standard","meta":{"_acf_changed":false,"footnotes":""},"categories":[41,44,43],"tags":[],"class_list":["post-15348","post","type-post","status-publish","format-standard","has-post-thumbnail","hentry","category-digital-learning","category-highlights","category-news"],"acf":[],"yoast_head":"<!-- This site is optimized with the Yoast SEO plugin v27.5 - https:\/\/yoast.com\/product\/yoast-seo-wordpress\/ -->\n<title>La Giornata Nazionale per la Salute e Sicurezza sul Lavoro.<\/title>\n<meta name=\"description\" content=\"La giornata nazionale per la salute e sicurezza sul lavoro \u00e8 un momento di riflessione su formazione, dati e best practices.\" \/>\n<meta name=\"robots\" content=\"index, follow, max-snippet:-1, max-image-preview:large, max-video-preview:-1\" \/>\n<link rel=\"canonical\" href=\"https:\/\/www.viasky.it\/en\/giornata-nazionale-per-la-salute-e-sicurezza-sul-lavoro\/\" \/>\n<meta property=\"og:locale\" content=\"en_GB\" \/>\n<meta property=\"og:type\" content=\"article\" \/>\n<meta property=\"og:title\" content=\"La Giornata Nazionale per la Salute e Sicurezza sul Lavoro.\" \/>\n<meta property=\"og:description\" content=\"La giornata nazionale per la salute e sicurezza sul lavoro \u00e8 un momento di riflessione su formazione, dati e best practices.\" \/>\n<meta property=\"og:url\" content=\"https:\/\/www.viasky.it\/en\/giornata-nazionale-per-la-salute-e-sicurezza-sul-lavoro\/\" \/>\n<meta property=\"og:site_name\" content=\"Viasky\" \/>\n<meta property=\"article:published_time\" content=\"2026-04-28T06:46:42+00:00\" \/>\n<meta property=\"og:image\" content=\"https:\/\/www.viasky.it\/wp-content\/uploads\/2026\/04\/giornata-nazionale-salute-sicurezza.png\" \/>\n\t<meta property=\"og:image:width\" content=\"900\" \/>\n\t<meta property=\"og:image:height\" content=\"600\" \/>\n\t<meta property=\"og:image:type\" content=\"image\/png\" \/>\n<meta name=\"author\" content=\"Alessandro Chiarato\" \/>\n<meta name=\"twitter:card\" content=\"summary_large_image\" \/>\n<meta name=\"twitter:label1\" content=\"Written by\" \/>\n\t<meta name=\"twitter:data1\" content=\"Alessandro Chiarato\" \/>\n\t<meta name=\"twitter:label2\" content=\"Estimated reading time\" \/>\n\t<meta name=\"twitter:data2\" content=\"5 minutes\" \/>\n<script type=\"application\/ld+json\" class=\"yoast-schema-graph\">{\"@context\":\"https:\\\/\\\/schema.org\",\"@graph\":[{\"@type\":\"Article\",\"@id\":\"https:\\\/\\\/www.viasky.it\\\/giornata-nazionale-per-la-salute-e-sicurezza-sul-lavoro\\\/#article\",\"isPartOf\":{\"@id\":\"https:\\\/\\\/www.viasky.it\\\/giornata-nazionale-per-la-salute-e-sicurezza-sul-lavoro\\\/\"},\"author\":{\"name\":\"Alessandro Chiarato\",\"@id\":\"https:\\\/\\\/www.viasky.it\\\/#\\\/schema\\\/person\\\/dd7e843380f8c017d874141c471d05a3\"},\"headline\":\"Giornata nazionale per la salute e sicurezza sul lavoro\",\"datePublished\":\"2026-04-28T06:46:42+00:00\",\"mainEntityOfPage\":{\"@id\":\"https:\\\/\\\/www.viasky.it\\\/giornata-nazionale-per-la-salute-e-sicurezza-sul-lavoro\\\/\"},\"wordCount\":847,\"commentCount\":0,\"publisher\":{\"@id\":\"https:\\\/\\\/www.viasky.it\\\/#organization\"},\"image\":{\"@id\":\"https:\\\/\\\/www.viasky.it\\\/giornata-nazionale-per-la-salute-e-sicurezza-sul-lavoro\\\/#primaryimage\"},\"thumbnailUrl\":\"https:\\\/\\\/www.viasky.it\\\/wp-content\\\/uploads\\\/2026\\\/04\\\/giornata-nazionale-salute-sicurezza.png\",\"articleSection\":[\"Digital Learning\",\"Highlights\",\"News\"],\"inLanguage\":\"en-GB\",\"potentialAction\":[{\"@type\":\"CommentAction\",\"name\":\"Comment\",\"target\":[\"https:\\\/\\\/www.viasky.it\\\/giornata-nazionale-per-la-salute-e-sicurezza-sul-lavoro\\\/#respond\"]}]},{\"@type\":\"WebPage\",\"@id\":\"https:\\\/\\\/www.viasky.it\\\/giornata-nazionale-per-la-salute-e-sicurezza-sul-lavoro\\\/\",\"url\":\"https:\\\/\\\/www.viasky.it\\\/giornata-nazionale-per-la-salute-e-sicurezza-sul-lavoro\\\/\",\"name\":\"La Giornata Nazionale per la Salute e Sicurezza sul Lavoro.\",\"isPartOf\":{\"@id\":\"https:\\\/\\\/www.viasky.it\\\/#website\"},\"primaryImageOfPage\":{\"@id\":\"https:\\\/\\\/www.viasky.it\\\/giornata-nazionale-per-la-salute-e-sicurezza-sul-lavoro\\\/#primaryimage\"},\"image\":{\"@id\":\"https:\\\/\\\/www.viasky.it\\\/giornata-nazionale-per-la-salute-e-sicurezza-sul-lavoro\\\/#primaryimage\"},\"thumbnailUrl\":\"https:\\\/\\\/www.viasky.it\\\/wp-content\\\/uploads\\\/2026\\\/04\\\/giornata-nazionale-salute-sicurezza.png\",\"datePublished\":\"2026-04-28T06:46:42+00:00\",\"description\":\"La giornata nazionale per la salute e sicurezza sul lavoro \u00e8 un momento di riflessione su formazione, dati e best practices.\",\"breadcrumb\":{\"@id\":\"https:\\\/\\\/www.viasky.it\\\/giornata-nazionale-per-la-salute-e-sicurezza-sul-lavoro\\\/#breadcrumb\"},\"inLanguage\":\"en-GB\",\"potentialAction\":[{\"@type\":\"ReadAction\",\"target\":[\"https:\\\/\\\/www.viasky.it\\\/giornata-nazionale-per-la-salute-e-sicurezza-sul-lavoro\\\/\"]}]},{\"@type\":\"ImageObject\",\"inLanguage\":\"en-GB\",\"@id\":\"https:\\\/\\\/www.viasky.it\\\/giornata-nazionale-per-la-salute-e-sicurezza-sul-lavoro\\\/#primaryimage\",\"url\":\"https:\\\/\\\/www.viasky.it\\\/wp-content\\\/uploads\\\/2026\\\/04\\\/giornata-nazionale-salute-sicurezza.png\",\"contentUrl\":\"https:\\\/\\\/www.viasky.it\\\/wp-content\\\/uploads\\\/2026\\\/04\\\/giornata-nazionale-salute-sicurezza.png\",\"width\":900,\"height\":600,\"caption\":\"giornata nazionale salute sicurezza\"},{\"@type\":\"BreadcrumbList\",\"@id\":\"https:\\\/\\\/www.viasky.it\\\/giornata-nazionale-per-la-salute-e-sicurezza-sul-lavoro\\\/#breadcrumb\",\"itemListElement\":[{\"@type\":\"ListItem\",\"position\":1,\"name\":\"Home\",\"item\":\"https:\\\/\\\/www.viasky.it\\\/\"},{\"@type\":\"ListItem\",\"position\":2,\"name\":\"News\",\"item\":\"https:\\\/\\\/www.viasky.it\\\/category\\\/news\\\/\"},{\"@type\":\"ListItem\",\"position\":3,\"name\":\"Giornata nazionale per la salute e sicurezza sul lavoro\"}]},{\"@type\":\"WebSite\",\"@id\":\"https:\\\/\\\/www.viasky.it\\\/#website\",\"url\":\"https:\\\/\\\/www.viasky.it\\\/\",\"name\":\"Viasky\",\"description\":\"An empowering company\",\"publisher\":{\"@id\":\"https:\\\/\\\/www.viasky.it\\\/#organization\"},\"potentialAction\":[{\"@type\":\"SearchAction\",\"target\":{\"@type\":\"EntryPoint\",\"urlTemplate\":\"https:\\\/\\\/www.viasky.it\\\/?s={search_term_string}\"},\"query-input\":{\"@type\":\"PropertyValueSpecification\",\"valueRequired\":true,\"valueName\":\"search_term_string\"}}],\"inLanguage\":\"en-GB\"},{\"@type\":\"Organization\",\"@id\":\"https:\\\/\\\/www.viasky.it\\\/#organization\",\"name\":\"Viasky\",\"url\":\"https:\\\/\\\/www.viasky.it\\\/\",\"logo\":{\"@type\":\"ImageObject\",\"inLanguage\":\"en-GB\",\"@id\":\"https:\\\/\\\/www.viasky.it\\\/#\\\/schema\\\/logo\\\/image\\\/\",\"url\":\"https:\\\/\\\/www.viasky.it\\\/wp-content\\\/uploads\\\/2025\\\/03\\\/VY-LOGO-BLUE@2x.png\",\"contentUrl\":\"https:\\\/\\\/www.viasky.it\\\/wp-content\\\/uploads\\\/2025\\\/03\\\/VY-LOGO-BLUE@2x.png\",\"width\":860,\"height\":258,\"caption\":\"Viasky\"},\"image\":{\"@id\":\"https:\\\/\\\/www.viasky.it\\\/#\\\/schema\\\/logo\\\/image\\\/\"}},{\"@type\":\"Person\",\"@id\":\"https:\\\/\\\/www.viasky.it\\\/#\\\/schema\\\/person\\\/dd7e843380f8c017d874141c471d05a3\",\"name\":\"Alessandro Chiarato\",\"image\":{\"@type\":\"ImageObject\",\"inLanguage\":\"en-GB\",\"@id\":\"https:\\\/\\\/www.viasky.it\\\/wp-content\\\/uploads\\\/2025\\\/11\\\/alessandro-chiarato_avatar-96x96.png\",\"url\":\"https:\\\/\\\/www.viasky.it\\\/wp-content\\\/uploads\\\/2025\\\/11\\\/alessandro-chiarato_avatar-96x96.png\",\"contentUrl\":\"https:\\\/\\\/www.viasky.it\\\/wp-content\\\/uploads\\\/2025\\\/11\\\/alessandro-chiarato_avatar-96x96.png\",\"caption\":\"Alessandro Chiarato\"},\"description\":\"Media &amp; Content\",\"url\":\"https:\\\/\\\/www.viasky.it\\\/en\\\/author\\\/alessandro-chiarato\\\/\"}]}<\/script>\n<!-- \/ Yoast SEO plugin. -->","yoast_head_json":{"title":"La Giornata Nazionale per la Salute e Sicurezza sul Lavoro.","description":"La giornata nazionale per la salute e sicurezza sul lavoro \u00e8 un momento di riflessione su formazione, dati e best practices.","robots":{"index":"index","follow":"follow","max-snippet":"max-snippet:-1","max-image-preview":"max-image-preview:large","max-video-preview":"max-video-preview:-1"},"canonical":"https:\/\/www.viasky.it\/en\/giornata-nazionale-per-la-salute-e-sicurezza-sul-lavoro\/","og_locale":"en_GB","og_type":"article","og_title":"La Giornata Nazionale per la Salute e Sicurezza sul Lavoro.","og_description":"La giornata nazionale per la salute e sicurezza sul lavoro \u00e8 un momento di riflessione su formazione, dati e best practices.","og_url":"https:\/\/www.viasky.it\/en\/giornata-nazionale-per-la-salute-e-sicurezza-sul-lavoro\/","og_site_name":"Viasky","article_published_time":"2026-04-28T06:46:42+00:00","og_image":[{"width":900,"height":600,"url":"https:\/\/www.viasky.it\/wp-content\/uploads\/2026\/04\/giornata-nazionale-salute-sicurezza.png","type":"image\/png"}],"author":"Alessandro Chiarato","twitter_card":"summary_large_image","twitter_misc":{"Written by":"Alessandro Chiarato","Estimated reading time":"5 minutes"},"schema":{"@context":"https:\/\/schema.org","@graph":[{"@type":"Article","@id":"https:\/\/www.viasky.it\/giornata-nazionale-per-la-salute-e-sicurezza-sul-lavoro\/#article","isPartOf":{"@id":"https:\/\/www.viasky.it\/giornata-nazionale-per-la-salute-e-sicurezza-sul-lavoro\/"},"author":{"name":"Alessandro Chiarato","@id":"https:\/\/www.viasky.it\/#\/schema\/person\/dd7e843380f8c017d874141c471d05a3"},"headline":"Giornata nazionale per la salute e sicurezza sul lavoro","datePublished":"2026-04-28T06:46:42+00:00","mainEntityOfPage":{"@id":"https:\/\/www.viasky.it\/giornata-nazionale-per-la-salute-e-sicurezza-sul-lavoro\/"},"wordCount":847,"commentCount":0,"publisher":{"@id":"https:\/\/www.viasky.it\/#organization"},"image":{"@id":"https:\/\/www.viasky.it\/giornata-nazionale-per-la-salute-e-sicurezza-sul-lavoro\/#primaryimage"},"thumbnailUrl":"https:\/\/www.viasky.it\/wp-content\/uploads\/2026\/04\/giornata-nazionale-salute-sicurezza.png","articleSection":["Digital Learning","Highlights","News"],"inLanguage":"en-GB","potentialAction":[{"@type":"CommentAction","name":"Comment","target":["https:\/\/www.viasky.it\/giornata-nazionale-per-la-salute-e-sicurezza-sul-lavoro\/#respond"]}]},{"@type":"WebPage","@id":"https:\/\/www.viasky.it\/giornata-nazionale-per-la-salute-e-sicurezza-sul-lavoro\/","url":"https:\/\/www.viasky.it\/giornata-nazionale-per-la-salute-e-sicurezza-sul-lavoro\/","name":"La Giornata Nazionale per la Salute e Sicurezza sul Lavoro.","isPartOf":{"@id":"https:\/\/www.viasky.it\/#website"},"primaryImageOfPage":{"@id":"https:\/\/www.viasky.it\/giornata-nazionale-per-la-salute-e-sicurezza-sul-lavoro\/#primaryimage"},"image":{"@id":"https:\/\/www.viasky.it\/giornata-nazionale-per-la-salute-e-sicurezza-sul-lavoro\/#primaryimage"},"thumbnailUrl":"https:\/\/www.viasky.it\/wp-content\/uploads\/2026\/04\/giornata-nazionale-salute-sicurezza.png","datePublished":"2026-04-28T06:46:42+00:00","description":"La giornata nazionale per la salute e sicurezza sul lavoro \u00e8 un momento di riflessione su formazione, dati e best practices.","breadcrumb":{"@id":"https:\/\/www.viasky.it\/giornata-nazionale-per-la-salute-e-sicurezza-sul-lavoro\/#breadcrumb"},"inLanguage":"en-GB","potentialAction":[{"@type":"ReadAction","target":["https:\/\/www.viasky.it\/giornata-nazionale-per-la-salute-e-sicurezza-sul-lavoro\/"]}]},{"@type":"ImageObject","inLanguage":"en-GB","@id":"https:\/\/www.viasky.it\/giornata-nazionale-per-la-salute-e-sicurezza-sul-lavoro\/#primaryimage","url":"https:\/\/www.viasky.it\/wp-content\/uploads\/2026\/04\/giornata-nazionale-salute-sicurezza.png","contentUrl":"https:\/\/www.viasky.it\/wp-content\/uploads\/2026\/04\/giornata-nazionale-salute-sicurezza.png","width":900,"height":600,"caption":"giornata nazionale salute sicurezza"},{"@type":"BreadcrumbList","@id":"https:\/\/www.viasky.it\/giornata-nazionale-per-la-salute-e-sicurezza-sul-lavoro\/#breadcrumb","itemListElement":[{"@type":"ListItem","position":1,"name":"Home","item":"https:\/\/www.viasky.it\/"},{"@type":"ListItem","position":2,"name":"News","item":"https:\/\/www.viasky.it\/category\/news\/"},{"@type":"ListItem","position":3,"name":"Giornata nazionale per la salute e sicurezza sul lavoro"}]},{"@type":"WebSite","@id":"https:\/\/www.viasky.it\/#website","url":"https:\/\/www.viasky.it\/","name":"Viasky","description":"An empowering company","publisher":{"@id":"https:\/\/www.viasky.it\/#organization"},"potentialAction":[{"@type":"SearchAction","target":{"@type":"EntryPoint","urlTemplate":"https:\/\/www.viasky.it\/?s={search_term_string}"},"query-input":{"@type":"PropertyValueSpecification","valueRequired":true,"valueName":"search_term_string"}}],"inLanguage":"en-GB"},{"@type":"Organization","@id":"https:\/\/www.viasky.it\/#organization","name":"Viasky","url":"https:\/\/www.viasky.it\/","logo":{"@type":"ImageObject","inLanguage":"en-GB","@id":"https:\/\/www.viasky.it\/#\/schema\/logo\/image\/","url":"https:\/\/www.viasky.it\/wp-content\/uploads\/2025\/03\/VY-LOGO-BLUE@2x.png","contentUrl":"https:\/\/www.viasky.it\/wp-content\/uploads\/2025\/03\/VY-LOGO-BLUE@2x.png","width":860,"height":258,"caption":"Viasky"},"image":{"@id":"https:\/\/www.viasky.it\/#\/schema\/logo\/image\/"}},{"@type":"Person","@id":"https:\/\/www.viasky.it\/#\/schema\/person\/dd7e843380f8c017d874141c471d05a3","name":"Alessandro Chiarato","image":{"@type":"ImageObject","inLanguage":"en-GB","@id":"https:\/\/www.viasky.it\/wp-content\/uploads\/2025\/11\/alessandro-chiarato_avatar-96x96.png","url":"https:\/\/www.viasky.it\/wp-content\/uploads\/2025\/11\/alessandro-chiarato_avatar-96x96.png","contentUrl":"https:\/\/www.viasky.it\/wp-content\/uploads\/2025\/11\/alessandro-chiarato_avatar-96x96.png","caption":"Alessandro Chiarato"},"description":"Media &amp; Content","url":"https:\/\/www.viasky.it\/en\/author\/alessandro-chiarato\/"}]}},"_links":{"self":[{"href":"https:\/\/www.viasky.it\/en\/wp-json\/wp\/v2\/posts\/15348","targetHints":{"allow":["GET"]}}],"collection":[{"href":"https:\/\/www.viasky.it\/en\/wp-json\/wp\/v2\/posts"}],"about":[{"href":"https:\/\/www.viasky.it\/en\/wp-json\/wp\/v2\/types\/post"}],"author":[{"embeddable":true,"href":"https:\/\/www.viasky.it\/en\/wp-json\/wp\/v2\/users\/9"}],"replies":[{"embeddable":true,"href":"https:\/\/www.viasky.it\/en\/wp-json\/wp\/v2\/comments?post=15348"}],"version-history":[{"count":4,"href":"https:\/\/www.viasky.it\/en\/wp-json\/wp\/v2\/posts\/15348\/revisions"}],"predecessor-version":[{"id":15353,"href":"https:\/\/www.viasky.it\/en\/wp-json\/wp\/v2\/posts\/15348\/revisions\/15353"}],"wp:featuredmedia":[{"embeddable":true,"href":"https:\/\/www.viasky.it\/en\/wp-json\/wp\/v2\/media\/15349"}],"wp:attachment":[{"href":"https:\/\/www.viasky.it\/en\/wp-json\/wp\/v2\/media?parent=15348"}],"wp:term":[{"taxonomy":"category","embeddable":true,"href":"https:\/\/www.viasky.it\/en\/wp-json\/wp\/v2\/categories?post=15348"},{"taxonomy":"post_tag","embeddable":true,"href":"https:\/\/www.viasky.it\/en\/wp-json\/wp\/v2\/tags?post=15348"}],"curies":[{"name":"wp","href":"https:\/\/api.w.org\/{rel}","templated":true}]}}